{"id":130,"date":"2012-05-31T17:34:35","date_gmt":"2012-05-31T17:34:35","guid":{"rendered":"http:\/\/petitdoigt.tzim.net\/?p=130"},"modified":"2012-05-31T17:40:53","modified_gmt":"2012-05-31T17:40:53","slug":"30-mai-2012-de-la-seine-a-la-scene","status":"publish","type":"post","link":"https:\/\/petitdoigt.tzim.net\/?p=130","title":{"rendered":"30 mai 2012 &#8211; De la Seine \u00e0 la sc\u00e8ne"},"content":{"rendered":"<p style=\"text-align: center;\">Dernier sujet du mois, qui a vu passer de nombreuses informations !<\/p>\n<p style=\"text-align: center;\">Premier sujet sans campagne ou investiture pr\u00e9sidentielle&#8230;<\/p>\n<p style=\"text-align: center;\">Tournants pour la France, autant que pour les petits doigts : d&rsquo;une part, si Nanamotte est admissible, c&rsquo;est concours le 12 mai&#8230; D&rsquo;autre part, les petits doigts marchent vers la c\u00e9l\u00e9brit\u00e9, avec <a href=\"http:\/\/petitdoigt.tzim.net\/wp-content\/uploads\/2012\/05\/2012-05-24-arcticle-orne-combatante.jpg\">un article dans l&rsquo;Orne Combattante<\/a> du 24 mai 2012&#8230;<\/p>\n<p style=\"text-align: center;\">Merci \u00e0 tous !<\/p>\n<p style=\"text-align: center;\"><img decoding=\"async\" loading=\"lazy\" class=\"alignnone\" src=\"https:\/\/farm5.static.flickr.com\/4071\/4421099684_c9efcf3b75.jpg\" alt=\"\" width=\"500\" height=\"498\" \/><\/p>\n<p style=\"text-align: center;\">[display_podcast]<\/p>\n<p style=\"text-align: center;\">Nous vous certifions qu&rsquo;aucun policier de la Seine, doublure ou cadenas n&rsquo;ont \u00e9t\u00e9 maltrait\u00e9 pendant cet enregistrement.<\/p>\n<p style=\"text-align: center;\">Rendez-vous le 21 juin, avec l&rsquo;\u00e9t\u00e9 et la musique !<\/p>\n","protected":false},"excerpt":{"rendered":"<p>Dernier sujet du mois, qui a vu passer de nombreuses informations ! Premier sujet sans campagne ou investiture pr\u00e9sidentielle&#8230; Tournants pour la France, autant que pour les petits doigts : d&rsquo;une part, si Nanamotte est admissible, c&rsquo;est concours le 12 mai&#8230; D&rsquo;autre part, les petits doigts marchent vers la c\u00e9l\u00e9brit\u00e9, avec un article dans l&rsquo;Orne [&hellip;]<\/p>\n","protected":false},"author":1,"featured_media":0,"comment_status":"open","ping_status":"open","sticky":false,"template":"","format":"standard","meta":{"footnotes":""},"categories":[8],"tags":[],"_links":{"self":[{"href":"https:\/\/petitdoigt.tzim.net\/index.php?rest_route=\/wp\/v2\/posts\/130"}],"collection":[{"href":"https:\/\/petitdoigt.tzim.net\/index.php?rest_route=\/wp\/v2\/posts"}],"about":[{"href":"https:\/\/petitdoigt.tzim.net\/index.php?rest_route=\/wp\/v2\/types\/post"}],"author":[{"embeddable":true,"href":"https:\/\/petitdoigt.tzim.net\/index.php?rest_route=\/wp\/v2\/users\/1"}],"replies":[{"embeddable":true,"href":"https:\/\/petitdoigt.tzim.net\/index.php?rest_route=%2Fwp%2Fv2%2Fcomments&post=130"}],"version-history":[{"count":4,"href":"https:\/\/petitdoigt.tzim.net\/index.php?rest_route=\/wp\/v2\/posts\/130\/revisions"}],"predecessor-version":[{"id":138,"href":"https:\/\/petitdoigt.tzim.net\/index.php?rest_route=\/wp\/v2\/posts\/130\/revisions\/138"}],"wp:attachment":[{"href":"https:\/\/petitdoigt.tzim.net\/index.php?rest_route=%2Fwp%2Fv2%2Fmedia&parent=130"}],"wp:term":[{"taxonomy":"category","embeddable":true,"href":"https:\/\/petitdoigt.tzim.net\/index.php?rest_route=%2Fwp%2Fv2%2Fcategories&post=130"},{"taxonomy":"post_tag","embeddable":true,"href":"https:\/\/petitdoigt.tzim.net\/index.php?rest_route=%2Fwp%2Fv2%2Ftags&post=130"}],"curies":[{"name":"wp","href":"https:\/\/api.w.org\/{rel}","templated":true}]}}